{"id":24088,"date":"2023-09-23T11:00:25","date_gmt":"2023-09-23T11:00:25","guid":{"rendered":"https:\/\/www.siemon.com\/siemon-divulga-o-relatorio-esg-2023-reforcando-o-compromisso-com-um-padrao-esg-mais-elevado\/"},"modified":"2023-09-23T11:00:25","modified_gmt":"2023-09-23T11:00:25","slug":"siemon-divulga-o-relatorio-esg-2023-reforcando-o-compromisso-com-um-padrao-esg-mais-elevado","status":"publish","type":"post","link":"https:\/\/www.siemon.com\/pt-br\/siemon-divulga-o-relatorio-esg-2023-reforcando-o-compromisso-com-um-padrao-esg-mais-elevado\/","title":{"rendered":"Siemon Divulga o Relat\u00f3rio ESG 2023, refor\u00e7ando o compromisso com um padr\u00e3o ESG mais elevado"},"content":{"rendered":"<p>A fibra \u00f3ptica tornou-se a m\u00eddia de cabeamento preferida nas implanta\u00e7\u00f5es de novos data centers, enquanto a fibra das instala\u00e7\u00f5es existentes continua a substituir os cabos de cobre. Isso se deve ao fato de a fibra oferecer maior flexibilidade, escalabilidade e recursos de largura de banda para suportar o volume cada vez maior de dados. Ao mesmo tempo, o n\u00famero de links de fibra \u00f3ptica entre switches, redes de \u00e1rea de armazenamento (SANs) e equipamentos continua a crescer para dar suporte \u00e0s novas arquiteturas de data center.  <\/p>\n<p>Com o aumento do volume de fibra e a mudan\u00e7a nos projetos de cabeamento, o que isso significa para a prote\u00e7\u00e3o e o roteamento desse meio sens\u00edvel?<\/p>\n","protected":false},"excerpt":{"rendered":"<p>A fibra \u00f3ptica tornou-se a m\u00eddia de cabeamento preferida nas implanta\u00e7\u00f5es de novos data centers, enquanto a fibra das instala\u00e7\u00f5es<\/p>\n","protected":false},"author":4,"featured_media":24099,"comment_status":"closed","ping_status":"closed","sticky":false,"template":"","format":"standard","meta":{"_acf_changed":false,"inline_featured_image":false,"footnotes":""},"categories":[181],"tags":[],"class_list":["post-24088","post","type-post","status-publish","format-standard","has-post-thumbnail","hentry","category-nao-categorizado"],"acf":[],"yoast_head":"<!-- This site is optimized with the Yoast SEO Premium plugin v26.2 (Yoast SEO v27.4) - https:\/\/yoast.com\/product\/yoast-seo-premium-wordpress\/ -->\n<title>Siemon Divulga o Relat\u00f3rio ESG 2023, refor\u00e7ando o compromisso com um padr\u00e3o ESG mais elevado - Siemon<\/title>\n<meta name=\"robots\" content=\"index, follow, max-snippet:-1, max-image-preview:large, max-video-preview:-1\" \/>\n<link rel=\"canonical\" href=\"https:\/\/www.siemon.com\/pt-br\/siemon-divulga-o-relatorio-esg-2023-reforcando-o-compromisso-com-um-padrao-esg-mais-elevado\/\" \/>\n<meta property=\"og:locale\" content=\"pt_BR\" \/>\n<meta property=\"og:type\" content=\"article\" \/>\n<meta property=\"og:title\" content=\"Siemon Divulga o Relat\u00f3rio ESG 2023, refor\u00e7ando o compromisso com um padr\u00e3o ESG mais elevado\" \/>\n<meta property=\"og:description\" content=\"A fibra \u00f3ptica tornou-se a m\u00eddia de cabeamento preferida nas implanta\u00e7\u00f5es de novos data centers, enquanto a fibra das instala\u00e7\u00f5es\" \/>\n<meta property=\"og:url\" content=\"https:\/\/www.siemon.com\/pt-br\/siemon-divulga-o-relatorio-esg-2023-reforcando-o-compromisso-com-um-padrao-esg-mais-elevado\/\" \/>\n<meta property=\"og:site_name\" content=\"Siemon\" \/>\n<meta property=\"article:publisher\" content=\"https:\/\/www.facebook.com\/siemoncabling\" \/>\n<meta property=\"article:published_time\" content=\"2023-09-23T11:00:25+00:00\" \/>\n<meta property=\"og:image\" content=\"https:\/\/www.siemon.com\/wp-content\/uploads\/Siemon_Press_Siemon-Releases-2023-ESG-Report-Reinforcing-Commitment-to-a-Higher-ESG-Standard_Featured_202310.jpg\" \/>\n\t<meta property=\"og:image:width\" content=\"1000\" \/>\n\t<meta property=\"og:image:height\" content=\"500\" \/>\n\t<meta property=\"og:image:type\" content=\"image\/jpeg\" \/>\n<meta name=\"author\" content=\"Brian Baum\" \/>\n<meta name=\"twitter:card\" content=\"summary_large_image\" \/>\n<meta name=\"twitter:creator\" content=\"@siemon\" \/>\n<meta name=\"twitter:site\" content=\"@siemon\" \/>\n<meta name=\"twitter:label1\" content=\"Escrito por\" \/>\n\t<meta name=\"twitter:data1\" content=\"Brian Baum\" \/>\n\t<meta name=\"twitter:label2\" content=\"Est. tempo de leitura\" \/>\n\t<meta name=\"twitter:data2\" content=\"1 minuto\" \/>\n<script type=\"application\/ld+json\" class=\"yoast-schema-graph\">{\"@context\":\"https:\\\/\\\/schema.org\",\"@graph\":[{\"@type\":\"Article\",\"@id\":\"https:\\\/\\\/www.siemon.com\\\/pt-br\\\/siemon-divulga-o-relatorio-esg-2023-reforcando-o-compromisso-com-um-padrao-esg-mais-elevado\\\/#article\",\"isPartOf\":{\"@id\":\"https:\\\/\\\/www.siemon.com\\\/pt-br\\\/siemon-divulga-o-relatorio-esg-2023-reforcando-o-compromisso-com-um-padrao-esg-mais-elevado\\\/\"},\"author\":{\"name\":\"Brian Baum\",\"@id\":\"https:\\\/\\\/www.siemon.com\\\/pt-br\\\/#\\\/schema\\\/person\\\/2abbc21e5a203e0da8fcde3c6a96cd96\"},\"headline\":\"Siemon Divulga o Relat\u00f3rio ESG 2023, refor\u00e7ando o compromisso com um padr\u00e3o ESG mais elevado\",\"datePublished\":\"2023-09-23T11:00:25+00:00\",\"mainEntityOfPage\":{\"@id\":\"https:\\\/\\\/www.siemon.com\\\/pt-br\\\/siemon-divulga-o-relatorio-esg-2023-reforcando-o-compromisso-com-um-padrao-esg-mais-elevado\\\/\"},\"wordCount\":138,\"publisher\":{\"@id\":\"https:\\\/\\\/www.siemon.com\\\/pt-br\\\/#organization\"},\"image\":{\"@id\":\"https:\\\/\\\/www.siemon.com\\\/pt-br\\\/siemon-divulga-o-relatorio-esg-2023-reforcando-o-compromisso-com-um-padrao-esg-mais-elevado\\\/#primaryimage\"},\"thumbnailUrl\":\"https:\\\/\\\/www.siemon.com\\\/wp-content\\\/uploads\\\/Siemon_Press_Siemon-Releases-2023-ESG-Report-Reinforcing-Commitment-to-a-Higher-ESG-Standard_Featured_202310.jpg\",\"articleSection\":[\"N\u00e3o categorizado\"],\"inLanguage\":\"pt-BR\"},{\"@type\":\"WebPage\",\"@id\":\"https:\\\/\\\/www.siemon.com\\\/pt-br\\\/siemon-divulga-o-relatorio-esg-2023-reforcando-o-compromisso-com-um-padrao-esg-mais-elevado\\\/\",\"url\":\"https:\\\/\\\/www.siemon.com\\\/pt-br\\\/siemon-divulga-o-relatorio-esg-2023-reforcando-o-compromisso-com-um-padrao-esg-mais-elevado\\\/\",\"name\":\"Siemon Divulga o Relat\u00f3rio ESG 2023, refor\u00e7ando o compromisso com um padr\u00e3o ESG mais elevado - Siemon\",\"isPartOf\":{\"@id\":\"https:\\\/\\\/www.siemon.com\\\/pt-br\\\/#website\"},\"primaryImageOfPage\":{\"@id\":\"https:\\\/\\\/www.siemon.com\\\/pt-br\\\/siemon-divulga-o-relatorio-esg-2023-reforcando-o-compromisso-com-um-padrao-esg-mais-elevado\\\/#primaryimage\"},\"image\":{\"@id\":\"https:\\\/\\\/www.siemon.com\\\/pt-br\\\/siemon-divulga-o-relatorio-esg-2023-reforcando-o-compromisso-com-um-padrao-esg-mais-elevado\\\/#primaryimage\"},\"thumbnailUrl\":\"https:\\\/\\\/www.siemon.com\\\/wp-content\\\/uploads\\\/Siemon_Press_Siemon-Releases-2023-ESG-Report-Reinforcing-Commitment-to-a-Higher-ESG-Standard_Featured_202310.jpg\",\"datePublished\":\"2023-09-23T11:00:25+00:00\",\"breadcrumb\":{\"@id\":\"https:\\\/\\\/www.siemon.com\\\/pt-br\\\/siemon-divulga-o-relatorio-esg-2023-reforcando-o-compromisso-com-um-padrao-esg-mais-elevado\\\/#breadcrumb\"},\"inLanguage\":\"pt-BR\",\"potentialAction\":[{\"@type\":\"ReadAction\",\"target\":[\"https:\\\/\\\/www.siemon.com\\\/pt-br\\\/siemon-divulga-o-relatorio-esg-2023-reforcando-o-compromisso-com-um-padrao-esg-mais-elevado\\\/\"]}]},{\"@type\":\"ImageObject\",\"inLanguage\":\"pt-BR\",\"@id\":\"https:\\\/\\\/www.siemon.com\\\/pt-br\\\/siemon-divulga-o-relatorio-esg-2023-reforcando-o-compromisso-com-um-padrao-esg-mais-elevado\\\/#primaryimage\",\"url\":\"https:\\\/\\\/www.siemon.com\\\/wp-content\\\/uploads\\\/Siemon_Press_Siemon-Releases-2023-ESG-Report-Reinforcing-Commitment-to-a-Higher-ESG-Standard_Featured_202310.jpg\",\"contentUrl\":\"https:\\\/\\\/www.siemon.com\\\/wp-content\\\/uploads\\\/Siemon_Press_Siemon-Releases-2023-ESG-Report-Reinforcing-Commitment-to-a-Higher-ESG-Standard_Featured_202310.jpg\",\"width\":1000,\"height\":500},{\"@type\":\"BreadcrumbList\",\"@id\":\"https:\\\/\\\/www.siemon.com\\\/pt-br\\\/siemon-divulga-o-relatorio-esg-2023-reforcando-o-compromisso-com-um-padrao-esg-mais-elevado\\\/#breadcrumb\",\"itemListElement\":[{\"@type\":\"ListItem\",\"position\":1,\"name\":\"Home\",\"item\":\"https:\\\/\\\/www.siemon.com\\\/pt-br\\\/\"},{\"@type\":\"ListItem\",\"position\":2,\"name\":\"Siemon Divulga o Relat\u00f3rio ESG 2023, refor\u00e7ando o compromisso com um padr\u00e3o ESG mais elevado\"}]},{\"@type\":\"WebSite\",\"@id\":\"https:\\\/\\\/www.siemon.com\\\/pt-br\\\/#website\",\"url\":\"https:\\\/\\\/www.siemon.com\\\/pt-br\\\/\",\"name\":\"Siemon\",\"description\":\"\",\"publisher\":{\"@id\":\"https:\\\/\\\/www.siemon.com\\\/pt-br\\\/#organization\"},\"potentialAction\":[{\"@type\":\"SearchAction\",\"target\":{\"@type\":\"EntryPoint\",\"urlTemplate\":\"https:\\\/\\\/www.siemon.com\\\/pt-br\\\/?s={search_term_string}\"},\"query-input\":{\"@type\":\"PropertyValueSpecification\",\"valueRequired\":true,\"valueName\":\"search_term_string\"}}],\"inLanguage\":\"pt-BR\"},{\"@type\":\"Organization\",\"@id\":\"https:\\\/\\\/www.siemon.com\\\/pt-br\\\/#organization\",\"name\":\"Siemon\",\"url\":\"https:\\\/\\\/www.siemon.com\\\/pt-br\\\/\",\"logo\":{\"@type\":\"ImageObject\",\"inLanguage\":\"pt-BR\",\"@id\":\"https:\\\/\\\/www.siemon.com\\\/pt-br\\\/#\\\/schema\\\/logo\\\/image\\\/\",\"url\":\"https:\\\/\\\/www.siemon.com\\\/wp-content\\\/uploads\\\/Siemon_Logo-1.jpg\",\"contentUrl\":\"https:\\\/\\\/www.siemon.com\\\/wp-content\\\/uploads\\\/Siemon_Logo-1.jpg\",\"width\":1800,\"height\":500,\"caption\":\"Siemon\"},\"image\":{\"@id\":\"https:\\\/\\\/www.siemon.com\\\/pt-br\\\/#\\\/schema\\\/logo\\\/image\\\/\"},\"sameAs\":[\"https:\\\/\\\/www.facebook.com\\\/siemoncabling\",\"https:\\\/\\\/x.com\\\/siemon\",\"https:\\\/\\\/www.youtube.com\\\/user\\\/SiemonNetworkCabling\",\"https:\\\/\\\/www.linkedin.com\\\/company\\\/the-siemon-company\\\/\",\"https:\\\/\\\/www.instagram.com\\\/siemon_company\\\/\"]},{\"@type\":\"Person\",\"@id\":\"https:\\\/\\\/www.siemon.com\\\/pt-br\\\/#\\\/schema\\\/person\\\/2abbc21e5a203e0da8fcde3c6a96cd96\",\"name\":\"Brian Baum\",\"sameAs\":[\"https:\\\/\\\/www.linkedin.com\\\/in\\\/brian-baum-a99aa145\\\/\"]}]}<\/script>\n<!-- \/ Yoast SEO Premium plugin. -->","yoast_head_json":{"title":"Siemon Divulga o Relat\u00f3rio ESG 2023, refor\u00e7ando o compromisso com um padr\u00e3o ESG mais elevado - Siemon","robots":{"index":"index","follow":"follow","max-snippet":"max-snippet:-1","max-image-preview":"max-image-preview:large","max-video-preview":"max-video-preview:-1"},"canonical":"https:\/\/www.siemon.com\/pt-br\/siemon-divulga-o-relatorio-esg-2023-reforcando-o-compromisso-com-um-padrao-esg-mais-elevado\/","og_locale":"pt_BR","og_type":"article","og_title":"Siemon Divulga o Relat\u00f3rio ESG 2023, refor\u00e7ando o compromisso com um padr\u00e3o ESG mais elevado","og_description":"A fibra \u00f3ptica tornou-se a m\u00eddia de cabeamento preferida nas implanta\u00e7\u00f5es de novos data centers, enquanto a fibra das instala\u00e7\u00f5es","og_url":"https:\/\/www.siemon.com\/pt-br\/siemon-divulga-o-relatorio-esg-2023-reforcando-o-compromisso-com-um-padrao-esg-mais-elevado\/","og_site_name":"Siemon","article_publisher":"https:\/\/www.facebook.com\/siemoncabling","article_published_time":"2023-09-23T11:00:25+00:00","og_image":[{"width":1000,"height":500,"url":"https:\/\/www.siemon.com\/wp-content\/uploads\/Siemon_Press_Siemon-Releases-2023-ESG-Report-Reinforcing-Commitment-to-a-Higher-ESG-Standard_Featured_202310.jpg","type":"image\/jpeg"}],"author":"Brian Baum","twitter_card":"summary_large_image","twitter_creator":"@siemon","twitter_site":"@siemon","twitter_misc":{"Escrito por":"Brian Baum","Est. tempo de leitura":"1 minuto"},"schema":{"@context":"https:\/\/schema.org","@graph":[{"@type":"Article","@id":"https:\/\/www.siemon.com\/pt-br\/siemon-divulga-o-relatorio-esg-2023-reforcando-o-compromisso-com-um-padrao-esg-mais-elevado\/#article","isPartOf":{"@id":"https:\/\/www.siemon.com\/pt-br\/siemon-divulga-o-relatorio-esg-2023-reforcando-o-compromisso-com-um-padrao-esg-mais-elevado\/"},"author":{"name":"Brian Baum","@id":"https:\/\/www.siemon.com\/pt-br\/#\/schema\/person\/2abbc21e5a203e0da8fcde3c6a96cd96"},"headline":"Siemon Divulga o Relat\u00f3rio ESG 2023, refor\u00e7ando o compromisso com um padr\u00e3o ESG mais elevado","datePublished":"2023-09-23T11:00:25+00:00","mainEntityOfPage":{"@id":"https:\/\/www.siemon.com\/pt-br\/siemon-divulga-o-relatorio-esg-2023-reforcando-o-compromisso-com-um-padrao-esg-mais-elevado\/"},"wordCount":138,"publisher":{"@id":"https:\/\/www.siemon.com\/pt-br\/#organization"},"image":{"@id":"https:\/\/www.siemon.com\/pt-br\/siemon-divulga-o-relatorio-esg-2023-reforcando-o-compromisso-com-um-padrao-esg-mais-elevado\/#primaryimage"},"thumbnailUrl":"https:\/\/www.siemon.com\/wp-content\/uploads\/Siemon_Press_Siemon-Releases-2023-ESG-Report-Reinforcing-Commitment-to-a-Higher-ESG-Standard_Featured_202310.jpg","articleSection":["N\u00e3o categorizado"],"inLanguage":"pt-BR"},{"@type":"WebPage","@id":"https:\/\/www.siemon.com\/pt-br\/siemon-divulga-o-relatorio-esg-2023-reforcando-o-compromisso-com-um-padrao-esg-mais-elevado\/","url":"https:\/\/www.siemon.com\/pt-br\/siemon-divulga-o-relatorio-esg-2023-reforcando-o-compromisso-com-um-padrao-esg-mais-elevado\/","name":"Siemon Divulga o Relat\u00f3rio ESG 2023, refor\u00e7ando o compromisso com um padr\u00e3o ESG mais elevado - Siemon","isPartOf":{"@id":"https:\/\/www.siemon.com\/pt-br\/#website"},"primaryImageOfPage":{"@id":"https:\/\/www.siemon.com\/pt-br\/siemon-divulga-o-relatorio-esg-2023-reforcando-o-compromisso-com-um-padrao-esg-mais-elevado\/#primaryimage"},"image":{"@id":"https:\/\/www.siemon.com\/pt-br\/siemon-divulga-o-relatorio-esg-2023-reforcando-o-compromisso-com-um-padrao-esg-mais-elevado\/#primaryimage"},"thumbnailUrl":"https:\/\/www.siemon.com\/wp-content\/uploads\/Siemon_Press_Siemon-Releases-2023-ESG-Report-Reinforcing-Commitment-to-a-Higher-ESG-Standard_Featured_202310.jpg","datePublished":"2023-09-23T11:00:25+00:00","breadcrumb":{"@id":"https:\/\/www.siemon.com\/pt-br\/siemon-divulga-o-relatorio-esg-2023-reforcando-o-compromisso-com-um-padrao-esg-mais-elevado\/#breadcrumb"},"inLanguage":"pt-BR","potentialAction":[{"@type":"ReadAction","target":["https:\/\/www.siemon.com\/pt-br\/siemon-divulga-o-relatorio-esg-2023-reforcando-o-compromisso-com-um-padrao-esg-mais-elevado\/"]}]},{"@type":"ImageObject","inLanguage":"pt-BR","@id":"https:\/\/www.siemon.com\/pt-br\/siemon-divulga-o-relatorio-esg-2023-reforcando-o-compromisso-com-um-padrao-esg-mais-elevado\/#primaryimage","url":"https:\/\/www.siemon.com\/wp-content\/uploads\/Siemon_Press_Siemon-Releases-2023-ESG-Report-Reinforcing-Commitment-to-a-Higher-ESG-Standard_Featured_202310.jpg","contentUrl":"https:\/\/www.siemon.com\/wp-content\/uploads\/Siemon_Press_Siemon-Releases-2023-ESG-Report-Reinforcing-Commitment-to-a-Higher-ESG-Standard_Featured_202310.jpg","width":1000,"height":500},{"@type":"BreadcrumbList","@id":"https:\/\/www.siemon.com\/pt-br\/siemon-divulga-o-relatorio-esg-2023-reforcando-o-compromisso-com-um-padrao-esg-mais-elevado\/#breadcrumb","itemListElement":[{"@type":"ListItem","position":1,"name":"Home","item":"https:\/\/www.siemon.com\/pt-br\/"},{"@type":"ListItem","position":2,"name":"Siemon Divulga o Relat\u00f3rio ESG 2023, refor\u00e7ando o compromisso com um padr\u00e3o ESG mais elevado"}]},{"@type":"WebSite","@id":"https:\/\/www.siemon.com\/pt-br\/#website","url":"https:\/\/www.siemon.com\/pt-br\/","name":"Siemon","description":"","publisher":{"@id":"https:\/\/www.siemon.com\/pt-br\/#organization"},"potentialAction":[{"@type":"SearchAction","target":{"@type":"EntryPoint","urlTemplate":"https:\/\/www.siemon.com\/pt-br\/?s={search_term_string}"},"query-input":{"@type":"PropertyValueSpecification","valueRequired":true,"valueName":"search_term_string"}}],"inLanguage":"pt-BR"},{"@type":"Organization","@id":"https:\/\/www.siemon.com\/pt-br\/#organization","name":"Siemon","url":"https:\/\/www.siemon.com\/pt-br\/","logo":{"@type":"ImageObject","inLanguage":"pt-BR","@id":"https:\/\/www.siemon.com\/pt-br\/#\/schema\/logo\/image\/","url":"https:\/\/www.siemon.com\/wp-content\/uploads\/Siemon_Logo-1.jpg","contentUrl":"https:\/\/www.siemon.com\/wp-content\/uploads\/Siemon_Logo-1.jpg","width":1800,"height":500,"caption":"Siemon"},"image":{"@id":"https:\/\/www.siemon.com\/pt-br\/#\/schema\/logo\/image\/"},"sameAs":["https:\/\/www.facebook.com\/siemoncabling","https:\/\/x.com\/siemon","https:\/\/www.youtube.com\/user\/SiemonNetworkCabling","https:\/\/www.linkedin.com\/company\/the-siemon-company\/","https:\/\/www.instagram.com\/siemon_company\/"]},{"@type":"Person","@id":"https:\/\/www.siemon.com\/pt-br\/#\/schema\/person\/2abbc21e5a203e0da8fcde3c6a96cd96","name":"Brian Baum","sameAs":["https:\/\/www.linkedin.com\/in\/brian-baum-a99aa145\/"]}]}},"_links":{"self":[{"href":"https:\/\/www.siemon.com\/pt-br\/wp-json\/wp\/v2\/posts\/24088","targetHints":{"allow":["GET"]}}],"collection":[{"href":"https:\/\/www.siemon.com\/pt-br\/wp-json\/wp\/v2\/posts"}],"about":[{"href":"https:\/\/www.siemon.com\/pt-br\/wp-json\/wp\/v2\/types\/post"}],"author":[{"embeddable":true,"href":"https:\/\/www.siemon.com\/pt-br\/wp-json\/wp\/v2\/users\/4"}],"replies":[{"embeddable":true,"href":"https:\/\/www.siemon.com\/pt-br\/wp-json\/wp\/v2\/comments?post=24088"}],"version-history":[{"count":0,"href":"https:\/\/www.siemon.com\/pt-br\/wp-json\/wp\/v2\/posts\/24088\/revisions"}],"wp:featuredmedia":[{"embeddable":true,"href":"https:\/\/www.siemon.com\/pt-br\/wp-json\/wp\/v2\/media\/24099"}],"wp:attachment":[{"href":"https:\/\/www.siemon.com\/pt-br\/wp-json\/wp\/v2\/media?parent=24088"}],"wp:term":[{"taxonomy":"category","embeddable":true,"href":"https:\/\/www.siemon.com\/pt-br\/wp-json\/wp\/v2\/categories?post=24088"},{"taxonomy":"post_tag","embeddable":true,"href":"https:\/\/www.siemon.com\/pt-br\/wp-json\/wp\/v2\/tags?post=24088"}],"curies":[{"name":"wp","href":"https:\/\/api.w.org\/{rel}","templated":true}]}}