{"id":25563,"date":"2022-08-09T16:35:25","date_gmt":"2022-08-09T16:35:25","guid":{"rendered":"https:\/\/www.siemon.com\/wi-fi-7-ya-esta-aqui-pero-que-significa\/"},"modified":"2025-07-21T15:20:01","modified_gmt":"2025-07-21T15:20:01","slug":"wi-fi-7-ya-esta-aqui-pero-que-significa","status":"publish","type":"post","link":"https:\/\/www.siemon.com\/es\/wi-fi-7-ya-esta-aqui-pero-que-significa\/","title":{"rendered":"Wi-Fi 7 ya est\u00e1 aqu\u00ed, pero \u00bfqu\u00e9 significa?"},"content":{"rendered":"<p>La fibra \u00f3ptica se ha convertido en el medio de cableado preferido en los nuevos despliegues de centros de datos, mientras que la fibra de las instalaciones existentes sigue sustituyendo a los cables de cobre. Esto se debe a que la fibra ofrece mayor flexibilidad, escalabilidad y capacidad de ancho de banda para soportar el creciente volumen de datos. Al mismo tiempo, el n\u00famero de enlaces de fibra \u00f3ptica entre conmutadores, redes de \u00e1rea de almacenamiento (SAN) y equipos sigue creciendo para dar soporte a las nuevas arquitecturas de centros de datos.  <\/p>\n<p>Con el aumento del volumen de fibra y el cambio de los dise\u00f1os de cableado, \u00bfqu\u00e9 significa esto para la protecci\u00f3n y el encaminamiento de este medio sensible?<\/p>\n","protected":false},"excerpt":{"rendered":"<p>La fibra \u00f3ptica se ha convertido en el medio de cableado preferido en los nuevos despliegues de centros de datos, mientras que la fibra de las instalaciones existentes sigue sustituyendo a los cables de cobre.<\/p>\n","protected":false},"author":16,"featured_media":4257,"comment_status":"closed","ping_status":"closed","sticky":false,"template":"","format":"standard","meta":{"_acf_changed":false,"inline_featured_image":false,"footnotes":""},"categories":[341],"tags":[],"class_list":["post-25563","post","type-post","status-publish","format-standard","has-post-thumbnail","hentry","category-blogs"],"acf":[],"yoast_head":"<!-- This site is optimized with the Yoast SEO Premium plugin v26.2 (Yoast SEO v27.4) - https:\/\/yoast.com\/product\/yoast-seo-premium-wordpress\/ -->\n<title>Wi-Fi 7 ya est\u00e1 aqu\u00ed, pero \u00bfqu\u00e9 significa? - Siemon<\/title>\n<meta name=\"robots\" content=\"index, follow, max-snippet:-1, max-image-preview:large, max-video-preview:-1\" \/>\n<link rel=\"canonical\" href=\"https:\/\/www.siemon.com\/es\/wi-fi-7-ya-esta-aqui-pero-que-significa\/\" \/>\n<meta property=\"og:locale\" content=\"es_ES\" \/>\n<meta property=\"og:type\" content=\"article\" \/>\n<meta property=\"og:title\" content=\"Wi-Fi 7 ya est\u00e1 aqu\u00ed, pero \u00bfqu\u00e9 significa?\" \/>\n<meta property=\"og:description\" content=\"La fibra \u00f3ptica se ha convertido en el medio de cableado preferido en los nuevos despliegues de centros de datos, mientras que la fibra de las instalaciones existentes sigue sustituyendo a los cables de cobre.\" \/>\n<meta property=\"og:url\" content=\"https:\/\/www.siemon.com\/es\/wi-fi-7-ya-esta-aqui-pero-que-significa\/\" \/>\n<meta property=\"og:site_name\" content=\"Siemon\" \/>\n<meta property=\"article:publisher\" content=\"https:\/\/www.facebook.com\/siemoncabling\" \/>\n<meta property=\"article:published_time\" content=\"2022-08-09T16:35:25+00:00\" \/>\n<meta property=\"article:modified_time\" content=\"2025-07-21T15:20:01+00:00\" \/>\n<meta property=\"og:image\" content=\"https:\/\/www.siemon.com\/wp-content\/uploads\/Siemon_Blogs_WIFI7_is_Here.jpg\" \/>\n\t<meta property=\"og:image:width\" content=\"1800\" \/>\n\t<meta property=\"og:image:height\" content=\"500\" \/>\n\t<meta property=\"og:image:type\" content=\"image\/jpeg\" \/>\n<meta name=\"author\" content=\"Dave Valentukonis\" \/>\n<meta name=\"twitter:card\" content=\"summary_large_image\" \/>\n<meta name=\"twitter:creator\" content=\"@siemon\" \/>\n<meta name=\"twitter:site\" content=\"@siemon\" \/>\n<meta name=\"twitter:label1\" content=\"Escrito por\" \/>\n\t<meta name=\"twitter:data1\" content=\"Dave Valentukonis\" \/>\n\t<meta name=\"twitter:label2\" content=\"Tiempo de lectura\" \/>\n\t<meta name=\"twitter:data2\" content=\"1 minuto\" \/>\n<script type=\"application\/ld+json\" class=\"yoast-schema-graph\">{\"@context\":\"https:\\\/\\\/schema.org\",\"@graph\":[{\"@type\":\"Article\",\"@id\":\"https:\\\/\\\/www.siemon.com\\\/es\\\/wi-fi-7-ya-esta-aqui-pero-que-significa\\\/#article\",\"isPartOf\":{\"@id\":\"https:\\\/\\\/www.siemon.com\\\/es\\\/wi-fi-7-ya-esta-aqui-pero-que-significa\\\/\"},\"author\":{\"name\":\"Dave Valentukonis\",\"@id\":\"https:\\\/\\\/www.siemon.com\\\/es\\\/#\\\/schema\\\/person\\\/d243e149d9aa252b692d504f768a96f3\"},\"headline\":\"Wi-Fi 7 ya est\u00e1 aqu\u00ed, pero \u00bfqu\u00e9 significa?\",\"datePublished\":\"2022-08-09T16:35:25+00:00\",\"dateModified\":\"2025-07-21T15:20:01+00:00\",\"mainEntityOfPage\":{\"@id\":\"https:\\\/\\\/www.siemon.com\\\/es\\\/wi-fi-7-ya-esta-aqui-pero-que-significa\\\/\"},\"wordCount\":130,\"publisher\":{\"@id\":\"https:\\\/\\\/www.siemon.com\\\/es\\\/#organization\"},\"image\":{\"@id\":\"https:\\\/\\\/www.siemon.com\\\/es\\\/wi-fi-7-ya-esta-aqui-pero-que-significa\\\/#primaryimage\"},\"thumbnailUrl\":\"https:\\\/\\\/www.siemon.com\\\/wp-content\\\/uploads\\\/Siemon_Blogs_WIFI7_is_Here.jpg\",\"articleSection\":[\"Blogs\"],\"inLanguage\":\"es\"},{\"@type\":\"WebPage\",\"@id\":\"https:\\\/\\\/www.siemon.com\\\/es\\\/wi-fi-7-ya-esta-aqui-pero-que-significa\\\/\",\"url\":\"https:\\\/\\\/www.siemon.com\\\/es\\\/wi-fi-7-ya-esta-aqui-pero-que-significa\\\/\",\"name\":\"Wi-Fi 7 ya est\u00e1 aqu\u00ed, pero \u00bfqu\u00e9 significa? - Siemon\",\"isPartOf\":{\"@id\":\"https:\\\/\\\/www.siemon.com\\\/es\\\/#website\"},\"primaryImageOfPage\":{\"@id\":\"https:\\\/\\\/www.siemon.com\\\/es\\\/wi-fi-7-ya-esta-aqui-pero-que-significa\\\/#primaryimage\"},\"image\":{\"@id\":\"https:\\\/\\\/www.siemon.com\\\/es\\\/wi-fi-7-ya-esta-aqui-pero-que-significa\\\/#primaryimage\"},\"thumbnailUrl\":\"https:\\\/\\\/www.siemon.com\\\/wp-content\\\/uploads\\\/Siemon_Blogs_WIFI7_is_Here.jpg\",\"datePublished\":\"2022-08-09T16:35:25+00:00\",\"dateModified\":\"2025-07-21T15:20:01+00:00\",\"breadcrumb\":{\"@id\":\"https:\\\/\\\/www.siemon.com\\\/es\\\/wi-fi-7-ya-esta-aqui-pero-que-significa\\\/#breadcrumb\"},\"inLanguage\":\"es\",\"potentialAction\":[{\"@type\":\"ReadAction\",\"target\":[\"https:\\\/\\\/www.siemon.com\\\/es\\\/wi-fi-7-ya-esta-aqui-pero-que-significa\\\/\"]}]},{\"@type\":\"ImageObject\",\"inLanguage\":\"es\",\"@id\":\"https:\\\/\\\/www.siemon.com\\\/es\\\/wi-fi-7-ya-esta-aqui-pero-que-significa\\\/#primaryimage\",\"url\":\"https:\\\/\\\/www.siemon.com\\\/wp-content\\\/uploads\\\/Siemon_Blogs_WIFI7_is_Here.jpg\",\"contentUrl\":\"https:\\\/\\\/www.siemon.com\\\/wp-content\\\/uploads\\\/Siemon_Blogs_WIFI7_is_Here.jpg\",\"width\":1800,\"height\":500,\"caption\":\"WIFI7-is-here-header\"},{\"@type\":\"BreadcrumbList\",\"@id\":\"https:\\\/\\\/www.siemon.com\\\/es\\\/wi-fi-7-ya-esta-aqui-pero-que-significa\\\/#breadcrumb\",\"itemListElement\":[{\"@type\":\"ListItem\",\"position\":1,\"name\":\"Home\",\"item\":\"https:\\\/\\\/www.siemon.com\\\/es\\\/\"},{\"@type\":\"ListItem\",\"position\":2,\"name\":\"Wi-Fi 7 ya est\u00e1 aqu\u00ed, pero \u00bfqu\u00e9 significa?\"}]},{\"@type\":\"WebSite\",\"@id\":\"https:\\\/\\\/www.siemon.com\\\/es\\\/#website\",\"url\":\"https:\\\/\\\/www.siemon.com\\\/es\\\/\",\"name\":\"Siemon\",\"description\":\"\",\"publisher\":{\"@id\":\"https:\\\/\\\/www.siemon.com\\\/es\\\/#organization\"},\"potentialAction\":[{\"@type\":\"SearchAction\",\"target\":{\"@type\":\"EntryPoint\",\"urlTemplate\":\"https:\\\/\\\/www.siemon.com\\\/es\\\/?s={search_term_string}\"},\"query-input\":{\"@type\":\"PropertyValueSpecification\",\"valueRequired\":true,\"valueName\":\"search_term_string\"}}],\"inLanguage\":\"es\"},{\"@type\":\"Organization\",\"@id\":\"https:\\\/\\\/www.siemon.com\\\/es\\\/#organization\",\"name\":\"Siemon\",\"url\":\"https:\\\/\\\/www.siemon.com\\\/es\\\/\",\"logo\":{\"@type\":\"ImageObject\",\"inLanguage\":\"es\",\"@id\":\"https:\\\/\\\/www.siemon.com\\\/es\\\/#\\\/schema\\\/logo\\\/image\\\/\",\"url\":\"https:\\\/\\\/www.siemon.com\\\/wp-content\\\/uploads\\\/Siemon_Logo-1.jpg\",\"contentUrl\":\"https:\\\/\\\/www.siemon.com\\\/wp-content\\\/uploads\\\/Siemon_Logo-1.jpg\",\"width\":1800,\"height\":500,\"caption\":\"Siemon\"},\"image\":{\"@id\":\"https:\\\/\\\/www.siemon.com\\\/es\\\/#\\\/schema\\\/logo\\\/image\\\/\"},\"sameAs\":[\"https:\\\/\\\/www.facebook.com\\\/siemoncabling\",\"https:\\\/\\\/x.com\\\/siemon\",\"https:\\\/\\\/www.youtube.com\\\/user\\\/SiemonNetworkCabling\",\"https:\\\/\\\/www.linkedin.com\\\/company\\\/the-siemon-company\\\/\",\"https:\\\/\\\/www.instagram.com\\\/siemon_company\\\/\"]},{\"@type\":\"Person\",\"@id\":\"https:\\\/\\\/www.siemon.com\\\/es\\\/#\\\/schema\\\/person\\\/d243e149d9aa252b692d504f768a96f3\",\"name\":\"Dave Valentukonis\",\"description\":\"Dave Valentukonis joined Siemon in 1995 and has held positions in Technical Support and Product Management. He is currently the North American Technical Services Manager where he oversees an experienced team of product, application, training, and technology experts that help Siemon customers navigate a diverse and rapidly changing market. He is a BICSI RCDD\\\/NTS and an active member of TIA.\",\"sameAs\":[\"https:\\\/\\\/www.linkedin.com\\\/in\\\/dave-valentukonis-3a1ba039\\\/\"]}]}<\/script>\n<!-- \/ Yoast SEO Premium plugin. -->","yoast_head_json":{"title":"Wi-Fi 7 ya est\u00e1 aqu\u00ed, pero \u00bfqu\u00e9 significa? - Siemon","robots":{"index":"index","follow":"follow","max-snippet":"max-snippet:-1","max-image-preview":"max-image-preview:large","max-video-preview":"max-video-preview:-1"},"canonical":"https:\/\/www.siemon.com\/es\/wi-fi-7-ya-esta-aqui-pero-que-significa\/","og_locale":"es_ES","og_type":"article","og_title":"Wi-Fi 7 ya est\u00e1 aqu\u00ed, pero \u00bfqu\u00e9 significa?","og_description":"La fibra \u00f3ptica se ha convertido en el medio de cableado preferido en los nuevos despliegues de centros de datos, mientras que la fibra de las instalaciones existentes sigue sustituyendo a los cables de cobre.","og_url":"https:\/\/www.siemon.com\/es\/wi-fi-7-ya-esta-aqui-pero-que-significa\/","og_site_name":"Siemon","article_publisher":"https:\/\/www.facebook.com\/siemoncabling","article_published_time":"2022-08-09T16:35:25+00:00","article_modified_time":"2025-07-21T15:20:01+00:00","og_image":[{"width":1800,"height":500,"url":"https:\/\/www.siemon.com\/wp-content\/uploads\/Siemon_Blogs_WIFI7_is_Here.jpg","type":"image\/jpeg"}],"author":"Dave Valentukonis","twitter_card":"summary_large_image","twitter_creator":"@siemon","twitter_site":"@siemon","twitter_misc":{"Escrito por":"Dave Valentukonis","Tiempo de lectura":"1 minuto"},"schema":{"@context":"https:\/\/schema.org","@graph":[{"@type":"Article","@id":"https:\/\/www.siemon.com\/es\/wi-fi-7-ya-esta-aqui-pero-que-significa\/#article","isPartOf":{"@id":"https:\/\/www.siemon.com\/es\/wi-fi-7-ya-esta-aqui-pero-que-significa\/"},"author":{"name":"Dave Valentukonis","@id":"https:\/\/www.siemon.com\/es\/#\/schema\/person\/d243e149d9aa252b692d504f768a96f3"},"headline":"Wi-Fi 7 ya est\u00e1 aqu\u00ed, pero \u00bfqu\u00e9 significa?","datePublished":"2022-08-09T16:35:25+00:00","dateModified":"2025-07-21T15:20:01+00:00","mainEntityOfPage":{"@id":"https:\/\/www.siemon.com\/es\/wi-fi-7-ya-esta-aqui-pero-que-significa\/"},"wordCount":130,"publisher":{"@id":"https:\/\/www.siemon.com\/es\/#organization"},"image":{"@id":"https:\/\/www.siemon.com\/es\/wi-fi-7-ya-esta-aqui-pero-que-significa\/#primaryimage"},"thumbnailUrl":"https:\/\/www.siemon.com\/wp-content\/uploads\/Siemon_Blogs_WIFI7_is_Here.jpg","articleSection":["Blogs"],"inLanguage":"es"},{"@type":"WebPage","@id":"https:\/\/www.siemon.com\/es\/wi-fi-7-ya-esta-aqui-pero-que-significa\/","url":"https:\/\/www.siemon.com\/es\/wi-fi-7-ya-esta-aqui-pero-que-significa\/","name":"Wi-Fi 7 ya est\u00e1 aqu\u00ed, pero \u00bfqu\u00e9 significa? - Siemon","isPartOf":{"@id":"https:\/\/www.siemon.com\/es\/#website"},"primaryImageOfPage":{"@id":"https:\/\/www.siemon.com\/es\/wi-fi-7-ya-esta-aqui-pero-que-significa\/#primaryimage"},"image":{"@id":"https:\/\/www.siemon.com\/es\/wi-fi-7-ya-esta-aqui-pero-que-significa\/#primaryimage"},"thumbnailUrl":"https:\/\/www.siemon.com\/wp-content\/uploads\/Siemon_Blogs_WIFI7_is_Here.jpg","datePublished":"2022-08-09T16:35:25+00:00","dateModified":"2025-07-21T15:20:01+00:00","breadcrumb":{"@id":"https:\/\/www.siemon.com\/es\/wi-fi-7-ya-esta-aqui-pero-que-significa\/#breadcrumb"},"inLanguage":"es","potentialAction":[{"@type":"ReadAction","target":["https:\/\/www.siemon.com\/es\/wi-fi-7-ya-esta-aqui-pero-que-significa\/"]}]},{"@type":"ImageObject","inLanguage":"es","@id":"https:\/\/www.siemon.com\/es\/wi-fi-7-ya-esta-aqui-pero-que-significa\/#primaryimage","url":"https:\/\/www.siemon.com\/wp-content\/uploads\/Siemon_Blogs_WIFI7_is_Here.jpg","contentUrl":"https:\/\/www.siemon.com\/wp-content\/uploads\/Siemon_Blogs_WIFI7_is_Here.jpg","width":1800,"height":500,"caption":"WIFI7-is-here-header"},{"@type":"BreadcrumbList","@id":"https:\/\/www.siemon.com\/es\/wi-fi-7-ya-esta-aqui-pero-que-significa\/#breadcrumb","itemListElement":[{"@type":"ListItem","position":1,"name":"Home","item":"https:\/\/www.siemon.com\/es\/"},{"@type":"ListItem","position":2,"name":"Wi-Fi 7 ya est\u00e1 aqu\u00ed, pero \u00bfqu\u00e9 significa?"}]},{"@type":"WebSite","@id":"https:\/\/www.siemon.com\/es\/#website","url":"https:\/\/www.siemon.com\/es\/","name":"Siemon","description":"","publisher":{"@id":"https:\/\/www.siemon.com\/es\/#organization"},"potentialAction":[{"@type":"SearchAction","target":{"@type":"EntryPoint","urlTemplate":"https:\/\/www.siemon.com\/es\/?s={search_term_string}"},"query-input":{"@type":"PropertyValueSpecification","valueRequired":true,"valueName":"search_term_string"}}],"inLanguage":"es"},{"@type":"Organization","@id":"https:\/\/www.siemon.com\/es\/#organization","name":"Siemon","url":"https:\/\/www.siemon.com\/es\/","logo":{"@type":"ImageObject","inLanguage":"es","@id":"https:\/\/www.siemon.com\/es\/#\/schema\/logo\/image\/","url":"https:\/\/www.siemon.com\/wp-content\/uploads\/Siemon_Logo-1.jpg","contentUrl":"https:\/\/www.siemon.com\/wp-content\/uploads\/Siemon_Logo-1.jpg","width":1800,"height":500,"caption":"Siemon"},"image":{"@id":"https:\/\/www.siemon.com\/es\/#\/schema\/logo\/image\/"},"sameAs":["https:\/\/www.facebook.com\/siemoncabling","https:\/\/x.com\/siemon","https:\/\/www.youtube.com\/user\/SiemonNetworkCabling","https:\/\/www.linkedin.com\/company\/the-siemon-company\/","https:\/\/www.instagram.com\/siemon_company\/"]},{"@type":"Person","@id":"https:\/\/www.siemon.com\/es\/#\/schema\/person\/d243e149d9aa252b692d504f768a96f3","name":"Dave Valentukonis","description":"Dave Valentukonis joined Siemon in 1995 and has held positions in Technical Support and Product Management. He is currently the North American Technical Services Manager where he oversees an experienced team of product, application, training, and technology experts that help Siemon customers navigate a diverse and rapidly changing market. He is a BICSI RCDD\/NTS and an active member of TIA.","sameAs":["https:\/\/www.linkedin.com\/in\/dave-valentukonis-3a1ba039\/"]}]}},"_links":{"self":[{"href":"https:\/\/www.siemon.com\/es\/wp-json\/wp\/v2\/posts\/25563","targetHints":{"allow":["GET"]}}],"collection":[{"href":"https:\/\/www.siemon.com\/es\/wp-json\/wp\/v2\/posts"}],"about":[{"href":"https:\/\/www.siemon.com\/es\/wp-json\/wp\/v2\/types\/post"}],"author":[{"embeddable":true,"href":"https:\/\/www.siemon.com\/es\/wp-json\/wp\/v2\/users\/16"}],"replies":[{"embeddable":true,"href":"https:\/\/www.siemon.com\/es\/wp-json\/wp\/v2\/comments?post=25563"}],"version-history":[{"count":0,"href":"https:\/\/www.siemon.com\/es\/wp-json\/wp\/v2\/posts\/25563\/revisions"}],"wp:featuredmedia":[{"embeddable":true,"href":"https:\/\/www.siemon.com\/es\/wp-json\/wp\/v2\/media\/4257"}],"wp:attachment":[{"href":"https:\/\/www.siemon.com\/es\/wp-json\/wp\/v2\/media?parent=25563"}],"wp:term":[{"taxonomy":"category","embeddable":true,"href":"https:\/\/www.siemon.com\/es\/wp-json\/wp\/v2\/categories?post=25563"},{"taxonomy":"post_tag","embeddable":true,"href":"https:\/\/www.siemon.com\/es\/wp-json\/wp\/v2\/tags?post=25563"}],"curies":[{"name":"wp","href":"https:\/\/api.w.org\/{rel}","templated":true}]}}