{"id":23592,"date":"2022-05-17T11:49:05","date_gmt":"2022-05-17T11:49:05","guid":{"rendered":"https:\/\/www.siemon.com\/siemon-gibt-einblicke-in-die-neuesten-technologien-fuer-intelligente-gebaeude-auf-der-integrated-systems-europe-2022\/"},"modified":"2022-05-17T11:49:05","modified_gmt":"2022-05-17T11:49:05","slug":"siemon-gibt-einblicke-in-die-neuesten-technologien-fuer-intelligente-gebaeude-auf-der-integrated-systems-europe-2022","status":"publish","type":"post","link":"https:\/\/www.siemon.com\/de\/siemon-gibt-einblicke-in-die-neuesten-technologien-fuer-intelligente-gebaeude-auf-der-integrated-systems-europe-2022\/","title":{"rendered":"Siemon gibt Einblicke in die neuesten Technologien f\u00fcr intelligente Geb\u00e4ude auf der Integrated Systems Europe 2022"},"content":{"rendered":"<p>Glasfaser ist das bevorzugte Verkabelungsmedium bei der Einrichtung neuer Rechenzentren, w\u00e4hrend Kupferkabel in bestehenden Einrichtungen immer h\u00e4ufiger durch Glasfaser ersetzt werden. Das liegt daran, dass Glasfaser eine gr\u00f6\u00dfere Flexibilit\u00e4t, Skalierbarkeit und Bandbreite bietet, um das st\u00e4ndig wachsende Datenvolumen zu bew\u00e4ltigen. Gleichzeitig nimmt die Zahl der Glasfaserverbindungen zwischen Switches, SANs (Storage Area Networks) und Ger\u00e4ten weiter zu, um neue Rechenzentrumsarchitekturen zu unterst\u00fctzen.  <\/p>\n<p>Angesichts des zunehmenden Glasfaservolumens und der sich \u00e4ndernden Verkabelungskonzepte stellt sich die Frage, was dies f\u00fcr den Schutz und das Routing dieses empfindlichen Mediums bedeutet.<\/p>\n","protected":false},"excerpt":{"rendered":"<p>Glasfaser ist das bevorzugte Verkabelungsmedium bei der Einrichtung neuer Rechenzentren, w\u00e4hrend Kupferkabel in bestehenden Einrichtungen immer h\u00e4ufiger durch Glasfaser ersetzt<\/p>\n","protected":false},"author":1,"featured_media":7746,"comment_status":"closed","ping_status":"closed","sticky":false,"template":"","format":"standard","meta":{"_acf_changed":false,"inline_featured_image":false,"footnotes":""},"categories":[52],"tags":[],"class_list":["post-23592","post","type-post","status-publish","format-standard","has-post-thumbnail","hentry","category-unkategorisiert"],"acf":[],"yoast_head":"<!-- This site is optimized with the Yoast SEO Premium plugin v26.2 (Yoast SEO v27.4) - https:\/\/yoast.com\/product\/yoast-seo-premium-wordpress\/ -->\n<title>Siemon gibt Einblicke in die neuesten Technologien f\u00fcr intelligente Geb\u00e4ude auf der Integrated Systems Europe 2022 - Siemon<\/title>\n<meta name=\"robots\" content=\"index, follow, max-snippet:-1, max-image-preview:large, max-video-preview:-1\" \/>\n<link rel=\"canonical\" href=\"https:\/\/www.siemon.com\/de\/siemon-gibt-einblicke-in-die-neuesten-technologien-fuer-intelligente-gebaeude-auf-der-integrated-systems-europe-2022\/\" \/>\n<meta property=\"og:locale\" content=\"de_DE\" \/>\n<meta property=\"og:type\" content=\"article\" \/>\n<meta property=\"og:title\" content=\"Siemon gibt Einblicke in die neuesten Technologien f\u00fcr intelligente Geb\u00e4ude auf der Integrated Systems Europe 2022\" \/>\n<meta property=\"og:description\" content=\"Glasfaser ist das bevorzugte Verkabelungsmedium bei der Einrichtung neuer Rechenzentren, w\u00e4hrend Kupferkabel in bestehenden Einrichtungen immer h\u00e4ufiger durch Glasfaser ersetzt\" \/>\n<meta property=\"og:url\" content=\"https:\/\/www.siemon.com\/de\/siemon-gibt-einblicke-in-die-neuesten-technologien-fuer-intelligente-gebaeude-auf-der-integrated-systems-europe-2022\/\" \/>\n<meta property=\"og:site_name\" content=\"Siemon\" \/>\n<meta property=\"article:publisher\" content=\"https:\/\/www.facebook.com\/siemoncabling\" \/>\n<meta property=\"article:published_time\" content=\"2022-05-17T11:49:05+00:00\" \/>\n<meta property=\"og:image\" content=\"https:\/\/www.siemon.com\/wp-content\/uploads\/Siemon_PR_ISE_feature.jpg\" \/>\n\t<meta property=\"og:image:width\" content=\"1000\" \/>\n\t<meta property=\"og:image:height\" content=\"500\" \/>\n\t<meta property=\"og:image:type\" content=\"image\/jpeg\" \/>\n<meta name=\"author\" content=\"designjam\" \/>\n<meta name=\"twitter:card\" content=\"summary_large_image\" \/>\n<meta name=\"twitter:creator\" content=\"@siemon\" \/>\n<meta name=\"twitter:site\" content=\"@siemon\" \/>\n<meta name=\"twitter:label1\" content=\"Verfasst von\" \/>\n\t<meta name=\"twitter:data1\" content=\"designjam\" \/>\n<script type=\"application\/ld+json\" class=\"yoast-schema-graph\">{\"@context\":\"https:\\\/\\\/schema.org\",\"@graph\":[{\"@type\":\"Article\",\"@id\":\"https:\\\/\\\/www.siemon.com\\\/de\\\/siemon-gibt-einblicke-in-die-neuesten-technologien-fuer-intelligente-gebaeude-auf-der-integrated-systems-europe-2022\\\/#article\",\"isPartOf\":{\"@id\":\"https:\\\/\\\/www.siemon.com\\\/de\\\/siemon-gibt-einblicke-in-die-neuesten-technologien-fuer-intelligente-gebaeude-auf-der-integrated-systems-europe-2022\\\/\"},\"author\":{\"name\":\"designjam\",\"@id\":\"https:\\\/\\\/www.siemon.com\\\/de\\\/#\\\/schema\\\/person\\\/40b1e03e921a46745ca9802b3b1ca9d0\"},\"headline\":\"Siemon gibt Einblicke in die neuesten Technologien f\u00fcr intelligente Geb\u00e4ude auf der Integrated Systems Europe 2022\",\"datePublished\":\"2022-05-17T11:49:05+00:00\",\"mainEntityOfPage\":{\"@id\":\"https:\\\/\\\/www.siemon.com\\\/de\\\/siemon-gibt-einblicke-in-die-neuesten-technologien-fuer-intelligente-gebaeude-auf-der-integrated-systems-europe-2022\\\/\"},\"wordCount\":112,\"publisher\":{\"@id\":\"https:\\\/\\\/www.siemon.com\\\/de\\\/#organization\"},\"image\":{\"@id\":\"https:\\\/\\\/www.siemon.com\\\/de\\\/siemon-gibt-einblicke-in-die-neuesten-technologien-fuer-intelligente-gebaeude-auf-der-integrated-systems-europe-2022\\\/#primaryimage\"},\"thumbnailUrl\":\"https:\\\/\\\/www.siemon.com\\\/wp-content\\\/uploads\\\/Siemon_PR_ISE_feature.jpg\",\"articleSection\":[\"Unkategorisiert\"],\"inLanguage\":\"de-DE\"},{\"@type\":\"WebPage\",\"@id\":\"https:\\\/\\\/www.siemon.com\\\/de\\\/siemon-gibt-einblicke-in-die-neuesten-technologien-fuer-intelligente-gebaeude-auf-der-integrated-systems-europe-2022\\\/\",\"url\":\"https:\\\/\\\/www.siemon.com\\\/de\\\/siemon-gibt-einblicke-in-die-neuesten-technologien-fuer-intelligente-gebaeude-auf-der-integrated-systems-europe-2022\\\/\",\"name\":\"Siemon gibt Einblicke in die neuesten Technologien f\u00fcr intelligente Geb\u00e4ude auf der Integrated Systems Europe 2022 - Siemon\",\"isPartOf\":{\"@id\":\"https:\\\/\\\/www.siemon.com\\\/de\\\/#website\"},\"primaryImageOfPage\":{\"@id\":\"https:\\\/\\\/www.siemon.com\\\/de\\\/siemon-gibt-einblicke-in-die-neuesten-technologien-fuer-intelligente-gebaeude-auf-der-integrated-systems-europe-2022\\\/#primaryimage\"},\"image\":{\"@id\":\"https:\\\/\\\/www.siemon.com\\\/de\\\/siemon-gibt-einblicke-in-die-neuesten-technologien-fuer-intelligente-gebaeude-auf-der-integrated-systems-europe-2022\\\/#primaryimage\"},\"thumbnailUrl\":\"https:\\\/\\\/www.siemon.com\\\/wp-content\\\/uploads\\\/Siemon_PR_ISE_feature.jpg\",\"datePublished\":\"2022-05-17T11:49:05+00:00\",\"breadcrumb\":{\"@id\":\"https:\\\/\\\/www.siemon.com\\\/de\\\/siemon-gibt-einblicke-in-die-neuesten-technologien-fuer-intelligente-gebaeude-auf-der-integrated-systems-europe-2022\\\/#breadcrumb\"},\"inLanguage\":\"de-DE\",\"potentialAction\":[{\"@type\":\"ReadAction\",\"target\":[\"https:\\\/\\\/www.siemon.com\\\/de\\\/siemon-gibt-einblicke-in-die-neuesten-technologien-fuer-intelligente-gebaeude-auf-der-integrated-systems-europe-2022\\\/\"]}]},{\"@type\":\"ImageObject\",\"inLanguage\":\"de-DE\",\"@id\":\"https:\\\/\\\/www.siemon.com\\\/de\\\/siemon-gibt-einblicke-in-die-neuesten-technologien-fuer-intelligente-gebaeude-auf-der-integrated-systems-europe-2022\\\/#primaryimage\",\"url\":\"https:\\\/\\\/www.siemon.com\\\/wp-content\\\/uploads\\\/Siemon_PR_ISE_feature.jpg\",\"contentUrl\":\"https:\\\/\\\/www.siemon.com\\\/wp-content\\\/uploads\\\/Siemon_PR_ISE_feature.jpg\",\"width\":1000,\"height\":500,\"caption\":\"Intergrated-Systems-Europe-feature\"},{\"@type\":\"BreadcrumbList\",\"@id\":\"https:\\\/\\\/www.siemon.com\\\/de\\\/siemon-gibt-einblicke-in-die-neuesten-technologien-fuer-intelligente-gebaeude-auf-der-integrated-systems-europe-2022\\\/#breadcrumb\",\"itemListElement\":[{\"@type\":\"ListItem\",\"position\":1,\"name\":\"Home\",\"item\":\"https:\\\/\\\/www.siemon.com\\\/de\\\/\"},{\"@type\":\"ListItem\",\"position\":2,\"name\":\"Siemon gibt Einblicke in die neuesten Technologien f\u00fcr intelligente Geb\u00e4ude auf der Integrated Systems Europe 2022\"}]},{\"@type\":\"WebSite\",\"@id\":\"https:\\\/\\\/www.siemon.com\\\/de\\\/#website\",\"url\":\"https:\\\/\\\/www.siemon.com\\\/de\\\/\",\"name\":\"Siemon\",\"description\":\"\",\"publisher\":{\"@id\":\"https:\\\/\\\/www.siemon.com\\\/de\\\/#organization\"},\"potentialAction\":[{\"@type\":\"SearchAction\",\"target\":{\"@type\":\"EntryPoint\",\"urlTemplate\":\"https:\\\/\\\/www.siemon.com\\\/de\\\/?s={search_term_string}\"},\"query-input\":{\"@type\":\"PropertyValueSpecification\",\"valueRequired\":true,\"valueName\":\"search_term_string\"}}],\"inLanguage\":\"de-DE\"},{\"@type\":\"Organization\",\"@id\":\"https:\\\/\\\/www.siemon.com\\\/de\\\/#organization\",\"name\":\"Siemon\",\"url\":\"https:\\\/\\\/www.siemon.com\\\/de\\\/\",\"logo\":{\"@type\":\"ImageObject\",\"inLanguage\":\"de-DE\",\"@id\":\"https:\\\/\\\/www.siemon.com\\\/de\\\/#\\\/schema\\\/logo\\\/image\\\/\",\"url\":\"https:\\\/\\\/www.siemon.com\\\/wp-content\\\/uploads\\\/Siemon_Logo-1.jpg\",\"contentUrl\":\"https:\\\/\\\/www.siemon.com\\\/wp-content\\\/uploads\\\/Siemon_Logo-1.jpg\",\"width\":1800,\"height\":500,\"caption\":\"Siemon\"},\"image\":{\"@id\":\"https:\\\/\\\/www.siemon.com\\\/de\\\/#\\\/schema\\\/logo\\\/image\\\/\"},\"sameAs\":[\"https:\\\/\\\/www.facebook.com\\\/siemoncabling\",\"https:\\\/\\\/x.com\\\/siemon\",\"https:\\\/\\\/www.youtube.com\\\/user\\\/SiemonNetworkCabling\",\"https:\\\/\\\/www.linkedin.com\\\/company\\\/the-siemon-company\\\/\",\"https:\\\/\\\/www.instagram.com\\\/siemon_company\\\/\"]},{\"@type\":\"Person\",\"@id\":\"https:\\\/\\\/www.siemon.com\\\/de\\\/#\\\/schema\\\/person\\\/40b1e03e921a46745ca9802b3b1ca9d0\",\"name\":\"designjam\",\"sameAs\":[\"https:\\\/\\\/www.siemon.com\\\/\"]}]}<\/script>\n<!-- \/ Yoast SEO Premium plugin. -->","yoast_head_json":{"title":"Siemon gibt Einblicke in die neuesten Technologien f\u00fcr intelligente Geb\u00e4ude auf der Integrated Systems Europe 2022 - Siemon","robots":{"index":"index","follow":"follow","max-snippet":"max-snippet:-1","max-image-preview":"max-image-preview:large","max-video-preview":"max-video-preview:-1"},"canonical":"https:\/\/www.siemon.com\/de\/siemon-gibt-einblicke-in-die-neuesten-technologien-fuer-intelligente-gebaeude-auf-der-integrated-systems-europe-2022\/","og_locale":"de_DE","og_type":"article","og_title":"Siemon gibt Einblicke in die neuesten Technologien f\u00fcr intelligente Geb\u00e4ude auf der Integrated Systems Europe 2022","og_description":"Glasfaser ist das bevorzugte Verkabelungsmedium bei der Einrichtung neuer Rechenzentren, w\u00e4hrend Kupferkabel in bestehenden Einrichtungen immer h\u00e4ufiger durch Glasfaser ersetzt","og_url":"https:\/\/www.siemon.com\/de\/siemon-gibt-einblicke-in-die-neuesten-technologien-fuer-intelligente-gebaeude-auf-der-integrated-systems-europe-2022\/","og_site_name":"Siemon","article_publisher":"https:\/\/www.facebook.com\/siemoncabling","article_published_time":"2022-05-17T11:49:05+00:00","og_image":[{"width":1000,"height":500,"url":"https:\/\/www.siemon.com\/wp-content\/uploads\/Siemon_PR_ISE_feature.jpg","type":"image\/jpeg"}],"author":"designjam","twitter_card":"summary_large_image","twitter_creator":"@siemon","twitter_site":"@siemon","twitter_misc":{"Verfasst von":"designjam"},"schema":{"@context":"https:\/\/schema.org","@graph":[{"@type":"Article","@id":"https:\/\/www.siemon.com\/de\/siemon-gibt-einblicke-in-die-neuesten-technologien-fuer-intelligente-gebaeude-auf-der-integrated-systems-europe-2022\/#article","isPartOf":{"@id":"https:\/\/www.siemon.com\/de\/siemon-gibt-einblicke-in-die-neuesten-technologien-fuer-intelligente-gebaeude-auf-der-integrated-systems-europe-2022\/"},"author":{"name":"designjam","@id":"https:\/\/www.siemon.com\/de\/#\/schema\/person\/40b1e03e921a46745ca9802b3b1ca9d0"},"headline":"Siemon gibt Einblicke in die neuesten Technologien f\u00fcr intelligente Geb\u00e4ude auf der Integrated Systems Europe 2022","datePublished":"2022-05-17T11:49:05+00:00","mainEntityOfPage":{"@id":"https:\/\/www.siemon.com\/de\/siemon-gibt-einblicke-in-die-neuesten-technologien-fuer-intelligente-gebaeude-auf-der-integrated-systems-europe-2022\/"},"wordCount":112,"publisher":{"@id":"https:\/\/www.siemon.com\/de\/#organization"},"image":{"@id":"https:\/\/www.siemon.com\/de\/siemon-gibt-einblicke-in-die-neuesten-technologien-fuer-intelligente-gebaeude-auf-der-integrated-systems-europe-2022\/#primaryimage"},"thumbnailUrl":"https:\/\/www.siemon.com\/wp-content\/uploads\/Siemon_PR_ISE_feature.jpg","articleSection":["Unkategorisiert"],"inLanguage":"de-DE"},{"@type":"WebPage","@id":"https:\/\/www.siemon.com\/de\/siemon-gibt-einblicke-in-die-neuesten-technologien-fuer-intelligente-gebaeude-auf-der-integrated-systems-europe-2022\/","url":"https:\/\/www.siemon.com\/de\/siemon-gibt-einblicke-in-die-neuesten-technologien-fuer-intelligente-gebaeude-auf-der-integrated-systems-europe-2022\/","name":"Siemon gibt Einblicke in die neuesten Technologien f\u00fcr intelligente Geb\u00e4ude auf der Integrated Systems Europe 2022 - Siemon","isPartOf":{"@id":"https:\/\/www.siemon.com\/de\/#website"},"primaryImageOfPage":{"@id":"https:\/\/www.siemon.com\/de\/siemon-gibt-einblicke-in-die-neuesten-technologien-fuer-intelligente-gebaeude-auf-der-integrated-systems-europe-2022\/#primaryimage"},"image":{"@id":"https:\/\/www.siemon.com\/de\/siemon-gibt-einblicke-in-die-neuesten-technologien-fuer-intelligente-gebaeude-auf-der-integrated-systems-europe-2022\/#primaryimage"},"thumbnailUrl":"https:\/\/www.siemon.com\/wp-content\/uploads\/Siemon_PR_ISE_feature.jpg","datePublished":"2022-05-17T11:49:05+00:00","breadcrumb":{"@id":"https:\/\/www.siemon.com\/de\/siemon-gibt-einblicke-in-die-neuesten-technologien-fuer-intelligente-gebaeude-auf-der-integrated-systems-europe-2022\/#breadcrumb"},"inLanguage":"de-DE","potentialAction":[{"@type":"ReadAction","target":["https:\/\/www.siemon.com\/de\/siemon-gibt-einblicke-in-die-neuesten-technologien-fuer-intelligente-gebaeude-auf-der-integrated-systems-europe-2022\/"]}]},{"@type":"ImageObject","inLanguage":"de-DE","@id":"https:\/\/www.siemon.com\/de\/siemon-gibt-einblicke-in-die-neuesten-technologien-fuer-intelligente-gebaeude-auf-der-integrated-systems-europe-2022\/#primaryimage","url":"https:\/\/www.siemon.com\/wp-content\/uploads\/Siemon_PR_ISE_feature.jpg","contentUrl":"https:\/\/www.siemon.com\/wp-content\/uploads\/Siemon_PR_ISE_feature.jpg","width":1000,"height":500,"caption":"Intergrated-Systems-Europe-feature"},{"@type":"BreadcrumbList","@id":"https:\/\/www.siemon.com\/de\/siemon-gibt-einblicke-in-die-neuesten-technologien-fuer-intelligente-gebaeude-auf-der-integrated-systems-europe-2022\/#breadcrumb","itemListElement":[{"@type":"ListItem","position":1,"name":"Home","item":"https:\/\/www.siemon.com\/de\/"},{"@type":"ListItem","position":2,"name":"Siemon gibt Einblicke in die neuesten Technologien f\u00fcr intelligente Geb\u00e4ude auf der Integrated Systems Europe 2022"}]},{"@type":"WebSite","@id":"https:\/\/www.siemon.com\/de\/#website","url":"https:\/\/www.siemon.com\/de\/","name":"Siemon","description":"","publisher":{"@id":"https:\/\/www.siemon.com\/de\/#organization"},"potentialAction":[{"@type":"SearchAction","target":{"@type":"EntryPoint","urlTemplate":"https:\/\/www.siemon.com\/de\/?s={search_term_string}"},"query-input":{"@type":"PropertyValueSpecification","valueRequired":true,"valueName":"search_term_string"}}],"inLanguage":"de-DE"},{"@type":"Organization","@id":"https:\/\/www.siemon.com\/de\/#organization","name":"Siemon","url":"https:\/\/www.siemon.com\/de\/","logo":{"@type":"ImageObject","inLanguage":"de-DE","@id":"https:\/\/www.siemon.com\/de\/#\/schema\/logo\/image\/","url":"https:\/\/www.siemon.com\/wp-content\/uploads\/Siemon_Logo-1.jpg","contentUrl":"https:\/\/www.siemon.com\/wp-content\/uploads\/Siemon_Logo-1.jpg","width":1800,"height":500,"caption":"Siemon"},"image":{"@id":"https:\/\/www.siemon.com\/de\/#\/schema\/logo\/image\/"},"sameAs":["https:\/\/www.facebook.com\/siemoncabling","https:\/\/x.com\/siemon","https:\/\/www.youtube.com\/user\/SiemonNetworkCabling","https:\/\/www.linkedin.com\/company\/the-siemon-company\/","https:\/\/www.instagram.com\/siemon_company\/"]},{"@type":"Person","@id":"https:\/\/www.siemon.com\/de\/#\/schema\/person\/40b1e03e921a46745ca9802b3b1ca9d0","name":"designjam","sameAs":["https:\/\/www.siemon.com\/"]}]}},"_links":{"self":[{"href":"https:\/\/www.siemon.com\/de\/wp-json\/wp\/v2\/posts\/23592","targetHints":{"allow":["GET"]}}],"collection":[{"href":"https:\/\/www.siemon.com\/de\/wp-json\/wp\/v2\/posts"}],"about":[{"href":"https:\/\/www.siemon.com\/de\/wp-json\/wp\/v2\/types\/post"}],"author":[{"embeddable":true,"href":"https:\/\/www.siemon.com\/de\/wp-json\/wp\/v2\/users\/1"}],"replies":[{"embeddable":true,"href":"https:\/\/www.siemon.com\/de\/wp-json\/wp\/v2\/comments?post=23592"}],"version-history":[{"count":0,"href":"https:\/\/www.siemon.com\/de\/wp-json\/wp\/v2\/posts\/23592\/revisions"}],"wp:featuredmedia":[{"embeddable":true,"href":"https:\/\/www.siemon.com\/de\/wp-json\/wp\/v2\/media\/7746"}],"wp:attachment":[{"href":"https:\/\/www.siemon.com\/de\/wp-json\/wp\/v2\/media?parent=23592"}],"wp:term":[{"taxonomy":"category","embeddable":true,"href":"https:\/\/www.siemon.com\/de\/wp-json\/wp\/v2\/categories?post=23592"},{"taxonomy":"post_tag","embeddable":true,"href":"https:\/\/www.siemon.com\/de\/wp-json\/wp\/v2\/tags?post=23592"}],"curies":[{"name":"wp","href":"https:\/\/api.w.org\/{rel}","templated":true}]}}